{"id":81199,"date":"2026-03-11T12:46:41","date_gmt":"2026-03-11T11:46:41","guid":{"rendered":"https:\/\/lukasiewicz.gov.pl\/lukasiewicz-research-networks-space-research-program-towards-satellite-and-rocket-technologies-with-defense-applications\/"},"modified":"2026-04-30T13:22:04","modified_gmt":"2026-04-30T11:22:04","slug":"lukasiewicz-research-networks-space-research-program-towards-satellite-and-rocket-technologies-with-defense-applications","status":"publish","type":"post","link":"https:\/\/lukasiewicz.gov.pl\/en\/lukasiewicz-research-networks-space-research-program-towards-satellite-and-rocket-technologies-with-defense-applications\/","title":{"rendered":"\u0141ukasiewicz Research Network\u2019s Space Research Program: towards satellite and rocket technologies with defense applications"},"content":{"rendered":"\t\t<div data-elementor-type=\"wp-post\" data-elementor-id=\"81199\" class=\"elementor elementor-81199 elementor-78488\" data-elementor-post-type=\"post\">\n\t\t\t\t\t\t<section class=\"elementor-section elementor-top-section elementor-element elementor-element-68c660ae elementor-section-boxed elementor-section-height-default elementor-section-height-default\" data-id=\"68c660ae\" data-element_type=\"section\" data-e-type=\"section\">\n\t\t\t\t\t\t<div class=\"elementor-container elementor-column-gap-default\">\n\t\t\t\t\t<div class=\"elementor-column elementor-col-100 elementor-top-column elementor-element elementor-element-36c6a38\" data-id=\"36c6a38\" data-element_type=\"column\" data-e-type=\"column\">\n\t\t\t<div class=\"elementor-widget-wrap elementor-element-populated\">\n\t\t\t\t\t\t<div class=\"elementor-element elementor-element-26fa85d2 elementor-widget elementor-widget-text-editor\" data-id=\"26fa85d2\" data-element_type=\"widget\" data-e-type=\"widget\" data-widget_type=\"text-editor.default\">\n\t\t\t\t<div class=\"elementor-widget-container\">\n\t\t\t\t\t\t\t\t\t<h3 class=\"wp-block-heading\">The \u0141ukasiewicz Research Network\u2019s Space Research Program will consist of several dozen research projects planned through 2035. They will focus on three areas: development of satellite platforms and technologies for placing them into orbit, as well as the payloads.  <\/h3><p>Full budget of the \u0141ukasiewicz Research Network\u2019s Space Research Program is estimated at approximately PLN 2.4 billion over 10 years. Money is expected to come from the Network\u2019s own resources, external defense and space technology funds, and cooperation with the private sector. It will offer services to Polish and international clients and will enable civilian technologies to be used for defense purposes (dual-use). \u0142adunkami u\u017cytecznymi (aparatur\u0105 badawcz\u0105 lub innym oprzyrz\u0105dowaniem umieszczonym w kosmosie).   <\/p><p>The program will support Poland\u2019s sovereignty in access to key space technologies, as noted by Dr Marcin Kulasek, Minister of Science and Higher Education:<\/p><p>\u201cBy consolidating the resources of as many as 22 institutes in the Network, we have a historic opportunity to become a European leader in space industry technologies, including in highly specialised areas such as satellite servicing and the development of green propulsion,\u201d the Minister of Science noted. \u201cWe cannot afford to waste such an opportunity or settle for mediocrity. All the more so because we are not starting from scratch. Last year\u2019s mission by S\u0142awosz Uzna\u0144ski-Wi\u015bniewski already placed Poland in orbit around its space ambitions. Now the \u0141ukasiewicz Research Network\u2019s programme is intended to anchor us even more firmly in the European space sector.\u201d <\/p><p>Analysts estimate that by 2040 the global value of space projects will triple. This outlook is also confirmed by historical data from the European Space Agency, as pointed out by Dr Hubert Cichocki, President of \u0141ukasiewicz Research Network. <\/p><p>\u201c\u0141ukasiewicz is the strategic partner for major companies specialising, among other areas, in communications. We do not want this opportunity to pass us by. The Space Research Programme is an investment in the future: in the Polish economy, Polish industry and national security,\u201d Dr Cichocki said. He added: \u201cPoland\u2019s access to orbit cannot rely solely on foreign corporations and their subcontractors, on which we are currently dependent.\u201d <\/p><p>Podczas inauguracji zaprezentowano plany dotycz\u0105ce m.in. wynoszenia satelit\u00f3w na niskie orbity za pomoc\u0105 mobilnych wyrzutni i samolot\u00f3w, wyspecjalizowanych zastosowa\u0144 sztucznej inteligencji czy zaawansowanych materia\u0142\u00f3w, w tym obni\u017caj\u0105cych wykrywalno\u015b\u0107 ultraczarnych pow\u0142ok. wynoszenia satelit\u00f3w na niskie orbity za pomoc\u0105 mobilnych wyrzutni i samolot\u00f3w, wyspecjalizowanych zastosowa\u0144 sztucznej inteligencji czy zaawansowanych materia\u0142\u00f3w, w tym obni\u017caj\u0105cych wykrywalno\u015b\u0107 ultraczarnych pow\u0142ok.<\/p><p>The program consolidates resources of the 22 institutes belonging to the \u0141ukasiewicz Research Network and is coordinated by the \u0141ukasiewicz Research Network \u2013 Institute of Aviation (\u0141ukasiewicz \u2013 ILOT). Network\u2019s engineers have extensive experience in the space sector, particularly in cooperation with the European Space Agency, for which they are currently carrying out more than 50 projects.  Within the next two years, the SPARK satellite, developed jointly by a group of the Network\u2019s institutes coordinated by \u0141ukasiewicz \u2013 ILOT, will be launched into orbit.<\/p><p>\u201cWe can put the achievements of our engineers into practice: not only by launching satellites, but also by servicing them. This means entering a new segment of the space market with enormous growth and commercialisation potential,\u201d said Cezary Szczepa\u0144ski, DSc, Eng., Director of \u0141ukasiewicz \u2013 ILOT. \u201cPoland has a chance to become a European leader in satellite servicing, the development of digital technologies and green propulsion \u2014 and to do so with its own satellite in orbit,\u201d he added. <\/p><p>The role of the \u0141ukasiewicz Research Network\u2019s Space Research Program in the defense context was assessed by General Mieczys\u0142aw Cieniuch, former Chief of the General Staff of the Polish Armed Forces: \u201cSatellites provide an advantage in reconnaissance and communications: they strengthen the ability to respond quickly and coordinate operations. Despite lasting alliances, the Polish Armed Forces today need solutions based on technological sovereignty, which ensures resilience and independence.\u201d<br><br>Adam Okni\u0144ski, coordinator of the Space Research Programme, pointed out that the programme is an opportunity for the development of quantum technologies, big data and artificial intelligence: \u201cOver the past decade, Polish space sector has developed significant competences, addressing specific niches. Ever closer cooperation between public administration and domestic industrial partners will be essential.\u201d An additional return on investment is expected due to the achievement of autonomy and security in space, Dr Okni\u0144ski commented.<\/p><p>The proposed scope of the Programme is aligned both with national R&amp;D priorities, particularly those related to national defence, and with the EU\/ESA vision.<\/p>\t\t\t\t\t\t\t\t<\/div>\n\t\t\t\t<\/div>\n\t\t\t\t<div class=\"elementor-element elementor-element-4654f3f elementor-widget elementor-widget-video\" data-id=\"4654f3f\" data-element_type=\"widget\" data-e-type=\"widget\" data-settings=\"{&quot;youtube_url&quot;:&quot;https:\\\/\\\/youtu.be\\\/LeWcsQ2WTjc&quot;,&quot;video_type&quot;:&quot;youtube&quot;,&quot;controls&quot;:&quot;yes&quot;}\" data-widget_type=\"video.default\">\n\t\t\t\t<div class=\"elementor-widget-container\">\n\t\t\t\t\t\t\t<div class=\"elementor-wrapper elementor-open-inline\">\n\t\t\t<div class=\"elementor-video\"><\/div>\t\t<\/div>\n\t\t\t\t\t\t<\/div>\n\t\t\t\t<\/div>\n\t\t\t\t<div class=\"elementor-element elementor-element-6958d9d elementor-widget-divider--view-line elementor-widget elementor-widget-divider\" data-id=\"6958d9d\" data-element_type=\"widget\" data-e-type=\"widget\" data-widget_type=\"divider.default\">\n\t\t\t\t<div class=\"elementor-widget-container\">\n\t\t\t\t\t\t\t<div class=\"elementor-divider\">\n\t\t\t<span class=\"elementor-divider-separator\">\n\t\t\t\t\t\t<\/span>\n\t\t<\/div>\n\t\t\t\t\t\t<\/div>\n\t\t\t\t<\/div>\n\t\t\t\t<div class=\"elementor-element elementor-element-2d96305 elementor-widget elementor-widget-image-gallery\" data-id=\"2d96305\" data-element_type=\"widget\" data-e-type=\"widget\" data-widget_type=\"image-gallery.default\">\n\t\t\t\t<div class=\"elementor-widget-container\">\n\t\t\t\t\t\t\t<div class=\"elementor-image-gallery\">\n\t\t\t<div id='gallery-1' class='gallery galleryid-81199 gallery-columns-3 gallery-size-thumbnail'><figure class='gallery-item'>\n\t\t\t<div class='gallery-icon landscape'>\n\t\t\t\t<a data-elementor-open-lightbox=\"yes\" data-elementor-lightbox-slideshow=\"2d96305\" data-elementor-lightbox-title=\"dr Adam Okni\u0144ski z \u0141ukasiewicz - ILOT\" data-e-action-hash=\"#elementor-action%3Aaction%3Dlightbox%26settings%3DeyJpZCI6Nzg0OTUsInVybCI6Imh0dHBzOlwvXC9sdWthc2lld2ljei5nb3YucGxcL3dwLWNvbnRlbnRcL3VwbG9hZHNcLzIwMjZcLzAzXC9kci1BZGFtLU9rbmluc2tpLXotTHVrYXNpZXdpY3otSUxPVC1zY2FsZWQuanBlZyIsInNsaWRlc2hvdyI6IjJkOTYzMDUifQ%3D%3D\" href='https:\/\/lukasiewicz.gov.pl\/wp-content\/uploads\/2026\/03\/dr-Adam-Okninski-z-Lukasiewicz-ILOT-scaled.jpeg'><img decoding=\"async\" width=\"150\" height=\"150\" src=\"https:\/\/lukasiewicz.gov.pl\/wp-content\/uploads\/2026\/03\/dr-Adam-Okninski-z-Lukasiewicz-ILOT-150x150.jpeg\" class=\"attachment-thumbnail size-thumbnail\" alt=\"\" srcset=\"https:\/\/lukasiewicz.gov.pl\/wp-content\/uploads\/2026\/03\/dr-Adam-Okninski-z-Lukasiewicz-ILOT-150x150.jpeg 150w, https:\/\/lukasiewicz.gov.pl\/wp-content\/uploads\/2026\/03\/dr-Adam-Okninski-z-Lukasiewicz-ILOT-1000x1000.jpeg 1000w\" sizes=\"(max-width: 150px) 100vw, 150px\" \/><\/a>\n\t\t\t<\/div><\/figure><figure class='gallery-item'>\n\t\t\t<div class='gallery-icon landscape'>\n\t\t\t\t<a data-elementor-open-lightbox=\"yes\" data-elementor-lightbox-slideshow=\"2d96305\" data-elementor-lightbox-title=\"dr Hubert Cichocki Centrum \u0141ukasiewicz v2\" data-e-action-hash=\"#elementor-action%3Aaction%3Dlightbox%26settings%3DeyJpZCI6Nzg0OTcsInVybCI6Imh0dHBzOlwvXC9sdWthc2lld2ljei5nb3YucGxcL3dwLWNvbnRlbnRcL3VwbG9hZHNcLzIwMjZcLzAzXC9kci1IdWJlcnQtQ2ljaG9ja2ktQ2VudHJ1bS1MdWthc2lld2ljei12Mi1zY2FsZWQuanBlZyIsInNsaWRlc2hvdyI6IjJkOTYzMDUifQ%3D%3D\" href='https:\/\/lukasiewicz.gov.pl\/wp-content\/uploads\/2026\/03\/dr-Hubert-Cichocki-Centrum-Lukasiewicz-v2-scaled.jpeg'><img decoding=\"async\" width=\"150\" height=\"150\" src=\"https:\/\/lukasiewicz.gov.pl\/wp-content\/uploads\/2026\/03\/dr-Hubert-Cichocki-Centrum-Lukasiewicz-v2-150x150.jpeg\" class=\"attachment-thumbnail size-thumbnail\" alt=\"\" srcset=\"https:\/\/lukasiewicz.gov.pl\/wp-content\/uploads\/2026\/03\/dr-Hubert-Cichocki-Centrum-Lukasiewicz-v2-150x150.jpeg 150w, https:\/\/lukasiewicz.gov.pl\/wp-content\/uploads\/2026\/03\/dr-Hubert-Cichocki-Centrum-Lukasiewicz-v2-1000x1000.jpeg 1000w\" sizes=\"(max-width: 150px) 100vw, 150px\" \/><\/a>\n\t\t\t<\/div><\/figure><figure class='gallery-item'>\n\t\t\t<div class='gallery-icon landscape'>\n\t\t\t\t<a data-elementor-open-lightbox=\"yes\" data-elementor-lightbox-slideshow=\"2d96305\" data-elementor-lightbox-title=\"dr Hubert Cichocki prezes Centrum \u0141ukasiewicz\" data-e-action-hash=\"#elementor-action%3Aaction%3Dlightbox%26settings%3DeyJpZCI6Nzg0OTksInVybCI6Imh0dHBzOlwvXC9sdWthc2lld2ljei5nb3YucGxcL3dwLWNvbnRlbnRcL3VwbG9hZHNcLzIwMjZcLzAzXC9kci1IdWJlcnQtQ2ljaG9ja2ktcHJlemVzLUNlbnRydW0tTHVrYXNpZXdpY3otc2NhbGVkLmpwZWciLCJzbGlkZXNob3ciOiIyZDk2MzA1In0%3D\" href='https:\/\/lukasiewicz.gov.pl\/wp-content\/uploads\/2026\/03\/dr-Hubert-Cichocki-prezes-Centrum-Lukasiewicz-scaled.jpeg'><img decoding=\"async\" width=\"150\" height=\"150\" src=\"https:\/\/lukasiewicz.gov.pl\/wp-content\/uploads\/2026\/03\/dr-Hubert-Cichocki-prezes-Centrum-Lukasiewicz-150x150.jpeg\" class=\"attachment-thumbnail size-thumbnail\" alt=\"\" srcset=\"https:\/\/lukasiewicz.gov.pl\/wp-content\/uploads\/2026\/03\/dr-Hubert-Cichocki-prezes-Centrum-Lukasiewicz-150x150.jpeg 150w, https:\/\/lukasiewicz.gov.pl\/wp-content\/uploads\/2026\/03\/dr-Hubert-Cichocki-prezes-Centrum-Lukasiewicz-1000x1000.jpeg 1000w\" sizes=\"(max-width: 150px) 100vw, 150px\" \/><\/a>\n\t\t\t<\/div><\/figure><figure class='gallery-item'>\n\t\t\t<div class='gallery-icon landscape'>\n\t\t\t\t<a data-elementor-open-lightbox=\"yes\" data-elementor-lightbox-slideshow=\"2d96305\" data-elementor-lightbox-title=\"dr Marcin Kulasek Minister Nauki\" data-e-action-hash=\"#elementor-action%3Aaction%3Dlightbox%26settings%3DeyJpZCI6Nzg1MDEsInVybCI6Imh0dHBzOlwvXC9sdWthc2lld2ljei5nb3YucGxcL3dwLWNvbnRlbnRcL3VwbG9hZHNcLzIwMjZcLzAzXC9kci1NYXJjaW4tS3VsYXNlay1NaW5pc3Rlci1OYXVraS1zY2FsZWQuanBlZyIsInNsaWRlc2hvdyI6IjJkOTYzMDUifQ%3D%3D\" href='https:\/\/lukasiewicz.gov.pl\/wp-content\/uploads\/2026\/03\/dr-Marcin-Kulasek-Minister-Nauki-scaled.jpeg'><img loading=\"lazy\" decoding=\"async\" width=\"150\" height=\"150\" src=\"https:\/\/lukasiewicz.gov.pl\/wp-content\/uploads\/2026\/03\/dr-Marcin-Kulasek-Minister-Nauki-150x150.jpeg\" class=\"attachment-thumbnail size-thumbnail\" alt=\"\" srcset=\"https:\/\/lukasiewicz.gov.pl\/wp-content\/uploads\/2026\/03\/dr-Marcin-Kulasek-Minister-Nauki-150x150.jpeg 150w, https:\/\/lukasiewicz.gov.pl\/wp-content\/uploads\/2026\/03\/dr-Marcin-Kulasek-Minister-Nauki-1000x1000.jpeg 1000w\" sizes=\"(max-width: 150px) 100vw, 150px\" \/><\/a>\n\t\t\t<\/div><\/figure><figure class='gallery-item'>\n\t\t\t<div class='gallery-icon landscape'>\n\t\t\t\t<a data-elementor-open-lightbox=\"yes\" data-elementor-lightbox-slideshow=\"2d96305\" data-elementor-lightbox-title=\"Od lewej Cichocki, Kulasek, Okni\u0144ski, Skwarko, Itrich-Drabarek\" data-e-action-hash=\"#elementor-action%3Aaction%3Dlightbox%26settings%3DeyJpZCI6Nzg1MDMsInVybCI6Imh0dHBzOlwvXC9sdWthc2lld2ljei5nb3YucGxcL3dwLWNvbnRlbnRcL3VwbG9hZHNcLzIwMjZcLzAzXC9PZC1sZXdlai1DaWNob2NraS1LdWxhc2VrLU9rbmluc2tpLVNrd2Fya28tSXRyaWNoLURyYWJhcmVrLXNjYWxlZC5qcGVnIiwic2xpZGVzaG93IjoiMmQ5NjMwNSJ9\" href='https:\/\/lukasiewicz.gov.pl\/wp-content\/uploads\/2026\/03\/Od-lewej-Cichocki-Kulasek-Okninski-Skwarko-Itrich-Drabarek-scaled.jpeg'><img loading=\"lazy\" decoding=\"async\" width=\"150\" height=\"150\" src=\"https:\/\/lukasiewicz.gov.pl\/wp-content\/uploads\/2026\/03\/Od-lewej-Cichocki-Kulasek-Okninski-Skwarko-Itrich-Drabarek-150x150.jpeg\" class=\"attachment-thumbnail size-thumbnail\" alt=\"\" srcset=\"https:\/\/lukasiewicz.gov.pl\/wp-content\/uploads\/2026\/03\/Od-lewej-Cichocki-Kulasek-Okninski-Skwarko-Itrich-Drabarek-150x150.jpeg 150w, https:\/\/lukasiewicz.gov.pl\/wp-content\/uploads\/2026\/03\/Od-lewej-Cichocki-Kulasek-Okninski-Skwarko-Itrich-Drabarek-1000x1000.jpeg 1000w\" sizes=\"(max-width: 150px) 100vw, 150px\" \/><\/a>\n\t\t\t<\/div><\/figure><figure class='gallery-item'>\n\t\t\t<div class='gallery-icon landscape'>\n\t\t\t\t<a data-elementor-open-lightbox=\"yes\" data-elementor-lightbox-slideshow=\"2d96305\" data-elementor-lightbox-title=\"dr Hubert Cichocki prezes Centrum \u0141ukasiewicz v3\" data-e-action-hash=\"#elementor-action%3Aaction%3Dlightbox%26settings%3DeyJpZCI6Nzg0OTIsInVybCI6Imh0dHBzOlwvXC9sdWthc2lld2ljei5nb3YucGxcL3dwLWNvbnRlbnRcL3VwbG9hZHNcLzIwMjZcLzAzXC9kci1IdWJlcnQtQ2ljaG9ja2ktcHJlemVzLUNlbnRydW0tTHVrYXNpZXdpY3otdjMtc2NhbGVkLmpwZWciLCJzbGlkZXNob3ciOiIyZDk2MzA1In0%3D\" data-elementor-lightbox-description=\"dr Hubert Cichocki prezes Centrum \u0141ukasiewicz\" href='https:\/\/lukasiewicz.gov.pl\/wp-content\/uploads\/2026\/03\/dr-Hubert-Cichocki-prezes-Centrum-Lukasiewicz-v3-scaled.jpeg'><img loading=\"lazy\" decoding=\"async\" width=\"150\" height=\"150\" src=\"https:\/\/lukasiewicz.gov.pl\/wp-content\/uploads\/2026\/03\/dr-Hubert-Cichocki-prezes-Centrum-Lukasiewicz-v3-150x150.jpeg\" class=\"attachment-thumbnail size-thumbnail\" alt=\"dr Hubert Cichocki prezes Centrum \u0141ukasiewicz\" aria-describedby=\"gallery-1-78492\" srcset=\"https:\/\/lukasiewicz.gov.pl\/wp-content\/uploads\/2026\/03\/dr-Hubert-Cichocki-prezes-Centrum-Lukasiewicz-v3-150x150.jpeg 150w, https:\/\/lukasiewicz.gov.pl\/wp-content\/uploads\/2026\/03\/dr-Hubert-Cichocki-prezes-Centrum-Lukasiewicz-v3-1000x1000.jpeg 1000w\" sizes=\"(max-width: 150px) 100vw, 150px\" \/><\/a>\n\t\t\t<\/div>\n\t\t\t\t<figcaption class='wp-caption-text gallery-caption' id='gallery-1-78492'>\n\t\t\t\tdr Hubert Cichocki prezes Centrum \u0141ukasiewicz\n\t\t\t\t<\/figcaption><\/figure>\n\t\t<\/div>\n\t\t<\/div>\n\t\t\t\t\t\t<\/div>\n\t\t\t\t<\/div>\n\t\t\t\t\t<\/div>\n\t\t<\/div>\n\t\t\t\t\t<\/div>\n\t\t<\/section>\n\t\t\t\t<\/div>\n\t\t","protected":false},"excerpt":{"rendered":"<p>The \u0141ukasiewicz Research Network\u2019s Space Research Program will consist of several dozen research projects planned through 2035. They will focus on three areas: development of satellite platforms and technologies for placing them into orbit, as well as the payloads.  <\/p>\n","protected":false},"author":240,"featured_media":78492,"comment_status":"closed","ping_status":"closed","sticky":false,"template":"","format":"standard","meta":{"_acf_changed":false,"_seopress_robots_primary_cat":"none","_seopress_titles_title":"","_seopress_titles_desc":"","_seopress_robots_index":"","inline_featured_image":false,"footnotes":""},"categories":[226],"tags":[228],"class_list":["post-81199","post","type-post","status-publish","format-standard","has-post-thumbnail","hentry","category-news-en","tag-achievements"],"acf":{"czas_czytania":"5"},"publishpress_future_action":{"enabled":false,"date":"2026-05-08 12:21:14","action":"change-status","newStatus":"draft","terms":[],"taxonomy":"category","extraData":[]},"publishpress_future_workflow_manual_trigger":{"enabledWorkflows":[]},"_links":{"self":[{"href":"https:\/\/lukasiewicz.gov.pl\/en\/wp-json\/wp\/v2\/posts\/81199","targetHints":{"allow":["GET"]}}],"collection":[{"href":"https:\/\/lukasiewicz.gov.pl\/en\/wp-json\/wp\/v2\/posts"}],"about":[{"href":"https:\/\/lukasiewicz.gov.pl\/en\/wp-json\/wp\/v2\/types\/post"}],"author":[{"embeddable":true,"href":"https:\/\/lukasiewicz.gov.pl\/en\/wp-json\/wp\/v2\/users\/240"}],"replies":[{"embeddable":true,"href":"https:\/\/lukasiewicz.gov.pl\/en\/wp-json\/wp\/v2\/comments?post=81199"}],"version-history":[{"count":1,"href":"https:\/\/lukasiewicz.gov.pl\/en\/wp-json\/wp\/v2\/posts\/81199\/revisions"}],"predecessor-version":[{"id":81200,"href":"https:\/\/lukasiewicz.gov.pl\/en\/wp-json\/wp\/v2\/posts\/81199\/revisions\/81200"}],"wp:featuredmedia":[{"embeddable":true,"href":"https:\/\/lukasiewicz.gov.pl\/en\/wp-json\/wp\/v2\/media\/78492"}],"wp:attachment":[{"href":"https:\/\/lukasiewicz.gov.pl\/en\/wp-json\/wp\/v2\/media?parent=81199"}],"wp:term":[{"taxonomy":"category","embeddable":true,"href":"https:\/\/lukasiewicz.gov.pl\/en\/wp-json\/wp\/v2\/categories?post=81199"},{"taxonomy":"post_tag","embeddable":true,"href":"https:\/\/lukasiewicz.gov.pl\/en\/wp-json\/wp\/v2\/tags?post=81199"}],"curies":[{"name":"wp","href":"https:\/\/api.w.org\/{rel}","templated":true}]}}